{"id":557,"date":"2021-04-08T11:30:25","date_gmt":"2021-04-08T11:30:25","guid":{"rendered":"https:\/\/faci.edu.br\/faci\/?p=557"},"modified":"2021-04-08T11:30:26","modified_gmt":"2021-04-08T11:30:26","slug":"pos-graduacao-em-novas-tecnologias-educacionais","status":"publish","type":"post","link":"https:\/\/faci.edu.br\/faci\/2021\/04\/08\/pos-graduacao-em-novas-tecnologias-educacionais\/","title":{"rendered":"P\u00f3s-Gradua\u00e7\u00e3o em Novas Tecnologias Educacionais"},"content":{"rendered":"\n<h2 class=\"has-luminous-vivid-orange-color has-text-color wp-block-heading\"><strong>Matr\u00edculas Abertas<\/strong><\/h2>\n\n\n\n<p><strong>Objetivo do curso: <\/strong>Qualificar o profissional para que possa identificar e aplicar as tecnologias digitais de informa\u00e7\u00e3o e comunica\u00e7\u00e3o nos processos de ensino-aprendizagem, bem como lev\u00e1-lo \u00e0 reflex\u00e3o cr\u00edtica sobre o uso das ferramentas digitais como recurso did\u00e1tico-pedag\u00f3gico, de forma inovadora e motivadora, em institui\u00e7\u00f5es de ensino p\u00fablicas e privadas.<\/p>\n\n\n\n<p><strong>P\u00fablico Alvo: <\/strong>Portadores de diploma de curso superior em qualquer \u00e1rea do conhecimento.<strong><\/strong><\/p>\n\n\n\n<p><strong>Carga hor\u00e1ria: 360h<\/strong><\/p>\n\n\n\n<p><strong>GRADE CURRICULAR<\/strong><\/p>\n\n\n\n<figure class=\"wp-block-image size-large\"><img loading=\"lazy\" decoding=\"async\" width=\"710\" height=\"434\" src=\"https:\/\/faci.edu.br\/faci\/wp-content\/uploads\/2021\/04\/imagem_2021-04-08_082942.png\" alt=\"\" class=\"wp-image-558\" srcset=\"https:\/\/faci.edu.br\/faci\/wp-content\/uploads\/2021\/04\/imagem_2021-04-08_082942.png 710w, https:\/\/faci.edu.br\/faci\/wp-content\/uploads\/2021\/04\/imagem_2021-04-08_082942-300x183.png 300w\" sizes=\"auto, (max-width: 710px) 100vw, 710px\" \/><\/figure>\n","protected":false},"excerpt":{"rendered":"<p>Matr\u00edculas Abertas Objetivo do curso: Qualificar o profissional para que possa identificar e aplicar as tecnologias digitais de informa\u00e7\u00e3o e comunica\u00e7\u00e3o nos processos de ensino-aprendizagem, bem como lev\u00e1-lo \u00e0 reflex\u00e3o cr\u00edtica sobre o uso das ferramentas digitais como recurso did\u00e1tico-pedag\u00f3gico, de forma inovadora e motivadora, em institui\u00e7\u00f5es de ensino p\u00fablicas e privadas. P\u00fablico Alvo: Portadores [&hellip;]<\/p>\n","protected":false},"author":1,"featured_media":559,"comment_status":"open","ping_status":"open","sticky":false,"template":"","format":"standard","meta":{"footnotes":""},"categories":[7],"tags":[],"class_list":["post-557","post","type-post","status-publish","format-standard","has-post-thumbnail","hentry","category-pos-graduacao","entry","has-media"],"_links":{"self":[{"href":"https:\/\/faci.edu.br\/faci\/wp-json\/wp\/v2\/posts\/557","targetHints":{"allow":["GET"]}}],"collection":[{"href":"https:\/\/faci.edu.br\/faci\/wp-json\/wp\/v2\/posts"}],"about":[{"href":"https:\/\/faci.edu.br\/faci\/wp-json\/wp\/v2\/types\/post"}],"author":[{"embeddable":true,"href":"https:\/\/faci.edu.br\/faci\/wp-json\/wp\/v2\/users\/1"}],"replies":[{"embeddable":true,"href":"https:\/\/faci.edu.br\/faci\/wp-json\/wp\/v2\/comments?post=557"}],"version-history":[{"count":0,"href":"https:\/\/faci.edu.br\/faci\/wp-json\/wp\/v2\/posts\/557\/revisions"}],"wp:featuredmedia":[{"embeddable":true,"href":"https:\/\/faci.edu.br\/faci\/wp-json\/wp\/v2\/media\/559"}],"wp:attachment":[{"href":"https:\/\/faci.edu.br\/faci\/wp-json\/wp\/v2\/media?parent=557"}],"wp:term":[{"taxonomy":"category","embeddable":true,"href":"https:\/\/faci.edu.br\/faci\/wp-json\/wp\/v2\/categories?post=557"},{"taxonomy":"post_tag","embeddable":true,"href":"https:\/\/faci.edu.br\/faci\/wp-json\/wp\/v2\/tags?post=557"}],"curies":[{"name":"wp","href":"https:\/\/api.w.org\/{rel}","templated":true}]}}