{"id":541,"date":"2021-04-08T11:21:49","date_gmt":"2021-04-08T11:21:49","guid":{"rendered":"https:\/\/faci.edu.br\/faci\/?p=541"},"modified":"2021-04-08T11:21:50","modified_gmt":"2021-04-08T11:21:50","slug":"pos-graduacao-em-ensino-religioso","status":"publish","type":"post","link":"https:\/\/faci.edu.br\/faci\/2021\/04\/08\/pos-graduacao-em-ensino-religioso\/","title":{"rendered":"P\u00d3S-GRADUA\u00c7\u00c3O EM ENSINO RELIGIOSO"},"content":{"rendered":"\n<h2 class=\"has-luminous-vivid-orange-color has-text-color wp-block-heading\"><strong>Matr\u00edculas Abertas<\/strong><\/h2>\n\n\n\n<p><strong>Objetivo do curso: <\/strong>Qualificar profissionais no sentido de dinamizar o estudo e as t\u00e9cnicas do ensino religioso visando o sucesso do processo de ensino-aprendizagem, bem como favorecer o conhecimento do campo religioso, proporcionando aprofundamento e atualiza\u00e7\u00e3o nos n\u00edveis te\u00f3rico e metodol\u00f3gico.<strong>&nbsp;<\/strong><\/p>\n\n\n\n<p><strong>P\u00fablico Alvo: <\/strong>Professores, pedagogos, educadores, psic\u00f3logos, psicopedagogos, fonoaudi\u00f3logos e demais profissionais ligados \u00e0 Educa\u00e7\u00e3o que tenham interesse na \u00e1rea.<\/p>\n\n\n\n<p><strong>Carga hor\u00e1ria: 360h<\/strong><\/p>\n\n\n\n<p><strong>GRADE CURRICULAR<\/strong><\/p>\n\n\n\n<figure class=\"wp-block-image size-large\"><img loading=\"lazy\" decoding=\"async\" width=\"697\" height=\"439\" src=\"https:\/\/faci.edu.br\/faci\/wp-content\/uploads\/2021\/04\/imagem_2021-04-08_082048.png\" alt=\"\" class=\"wp-image-542\" srcset=\"https:\/\/faci.edu.br\/faci\/wp-content\/uploads\/2021\/04\/imagem_2021-04-08_082048.png 697w, https:\/\/faci.edu.br\/faci\/wp-content\/uploads\/2021\/04\/imagem_2021-04-08_082048-300x189.png 300w\" sizes=\"auto, (max-width: 697px) 100vw, 697px\" \/><\/figure>\n","protected":false},"excerpt":{"rendered":"<p>Matr\u00edculas Abertas Objetivo do curso: Qualificar profissionais no sentido de dinamizar o estudo e as t\u00e9cnicas do ensino religioso visando o sucesso do processo de ensino-aprendizagem, bem como favorecer o conhecimento do campo religioso, proporcionando aprofundamento e atualiza\u00e7\u00e3o nos n\u00edveis te\u00f3rico e metodol\u00f3gico.&nbsp; P\u00fablico Alvo: Professores, pedagogos, educadores, psic\u00f3logos, psicopedagogos, fonoaudi\u00f3logos e demais profissionais ligados [&hellip;]<\/p>\n","protected":false},"author":1,"featured_media":543,"comment_status":"open","ping_status":"open","sticky":false,"template":"","format":"standard","meta":{"footnotes":""},"categories":[7],"tags":[],"class_list":["post-541","post","type-post","status-publish","format-standard","has-post-thumbnail","hentry","category-pos-graduacao","entry","has-media"],"_links":{"self":[{"href":"https:\/\/faci.edu.br\/faci\/wp-json\/wp\/v2\/posts\/541","targetHints":{"allow":["GET"]}}],"collection":[{"href":"https:\/\/faci.edu.br\/faci\/wp-json\/wp\/v2\/posts"}],"about":[{"href":"https:\/\/faci.edu.br\/faci\/wp-json\/wp\/v2\/types\/post"}],"author":[{"embeddable":true,"href":"https:\/\/faci.edu.br\/faci\/wp-json\/wp\/v2\/users\/1"}],"replies":[{"embeddable":true,"href":"https:\/\/faci.edu.br\/faci\/wp-json\/wp\/v2\/comments?post=541"}],"version-history":[{"count":0,"href":"https:\/\/faci.edu.br\/faci\/wp-json\/wp\/v2\/posts\/541\/revisions"}],"wp:featuredmedia":[{"embeddable":true,"href":"https:\/\/faci.edu.br\/faci\/wp-json\/wp\/v2\/media\/543"}],"wp:attachment":[{"href":"https:\/\/faci.edu.br\/faci\/wp-json\/wp\/v2\/media?parent=541"}],"wp:term":[{"taxonomy":"category","embeddable":true,"href":"https:\/\/faci.edu.br\/faci\/wp-json\/wp\/v2\/categories?post=541"},{"taxonomy":"post_tag","embeddable":true,"href":"https:\/\/faci.edu.br\/faci\/wp-json\/wp\/v2\/tags?post=541"}],"curies":[{"name":"wp","href":"https:\/\/api.w.org\/{rel}","templated":true}]}}