{"id":405,"date":"2021-02-03T10:42:50","date_gmt":"2021-02-03T10:42:50","guid":{"rendered":"https:\/\/faci.edu.br\/faci\/?p=405"},"modified":"2021-02-03T10:44:18","modified_gmt":"2021-02-03T10:44:18","slug":"educacao-especial-com-enfase-em-deficiencias-intelectual-e-multipla","status":"publish","type":"post","link":"https:\/\/faci.edu.br\/faci\/2021\/02\/03\/educacao-especial-com-enfase-em-deficiencias-intelectual-e-multipla\/","title":{"rendered":"Educa\u00e7\u00e3o Especial com \u00eanfase em Defici\u00eancias Intelectual e M\u00faltipla"},"content":{"rendered":"\n<p><strong>Objetivo do curso: <\/strong>Capacitar docentes para atuarem com efici\u00eancia, capazes de planejar e colocar em pr\u00e1tica todo o aprendizado adquirido acerca da educa\u00e7\u00e3o especial e inclusiva com \u00eanfase em defici\u00eancias intelectual e m\u00faltipla. Al\u00e9m de aperfei\u00e7oar os profissionais que j\u00e1 atuam na \u00e1rea da doc\u00eancia, propiciando atualiza\u00e7\u00f5es metodol\u00f3gicas e de uso dos novos recursos did\u00e1ticos, com intuito de dirimir as necessidades das classes inclusivas por meio de uma pr\u00e1tica reflexiva, pertinente, com vistas no passado como cr\u00edtica superada, no presente como movimento e no futuro como indicativo.<\/p>\n\n\n\n<p><br><strong>P\u00fablico Alvo:<\/strong> Professores, pedagogos, educadores, psic\u00f3logos, psicopedagogos, fonoaudi\u00f3logos e demais profissionais ligados \u00e0 Educa\u00e7\u00e3o que tenham interesse na \u00e1rea.<br><\/p>\n\n\n\n<p><strong>Carga hor\u00e1ria:<\/strong> 360h<br><strong>GRADE CURRICULAR<\/strong><\/p>\n\n\n\n<figure class=\"wp-block-image size-large\"><img fetchpriority=\"high\" decoding=\"async\" width=\"649\" height=\"442\" src=\"https:\/\/faci.edu.br\/faci\/wp-content\/uploads\/2021\/02\/05.png\" alt=\"\" class=\"wp-image-406\" srcset=\"https:\/\/faci.edu.br\/faci\/wp-content\/uploads\/2021\/02\/05.png 649w, https:\/\/faci.edu.br\/faci\/wp-content\/uploads\/2021\/02\/05-300x204.png 300w\" sizes=\"(max-width: 649px) 100vw, 649px\" \/><\/figure>\n","protected":false},"excerpt":{"rendered":"<p>Objetivo do curso: Capacitar docentes para atuarem com efici\u00eancia, capazes de planejar e colocar em pr\u00e1tica todo o aprendizado adquirido acerca da educa\u00e7\u00e3o especial e inclusiva com \u00eanfase em defici\u00eancias intelectual e m\u00faltipla. Al\u00e9m de aperfei\u00e7oar os profissionais que j\u00e1 atuam na \u00e1rea da doc\u00eancia, propiciando atualiza\u00e7\u00f5es metodol\u00f3gicas e de uso dos novos recursos did\u00e1ticos, [&hellip;]<\/p>\n","protected":false},"author":1,"featured_media":411,"comment_status":"open","ping_status":"open","sticky":false,"template":"","format":"standard","meta":{"ocean_post_layout":"","ocean_both_sidebars_style":"","ocean_both_sidebars_content_width":0,"ocean_both_sidebars_sidebars_width":0,"ocean_sidebar":"0","ocean_second_sidebar":"0","ocean_disable_margins":"enable","ocean_add_body_class":"","ocean_shortcode_before_top_bar":"","ocean_shortcode_after_top_bar":"","ocean_shortcode_before_header":"","ocean_shortcode_after_header":"","ocean_has_shortcode":"","ocean_shortcode_after_title":"","ocean_shortcode_before_footer_widgets":"","ocean_shortcode_after_footer_widgets":"","ocean_shortcode_before_footer_bottom":"","ocean_shortcode_after_footer_bottom":"","ocean_display_top_bar":"default","ocean_display_header":"default","ocean_header_style":"","ocean_center_header_left_menu":"0","ocean_custom_header_template":"0","ocean_custom_logo":0,"ocean_custom_retina_logo":0,"ocean_custom_logo_max_width":0,"ocean_custom_logo_tablet_max_width":0,"ocean_custom_logo_mobile_max_width":0,"ocean_custom_logo_max_height":0,"ocean_custom_logo_tablet_max_height":0,"ocean_custom_logo_mobile_max_height":0,"ocean_header_custom_menu":"0","ocean_menu_typo_font_family":"0","ocean_menu_typo_font_subset":"","ocean_menu_typo_font_size":0,"ocean_menu_typo_font_size_tablet":0,"ocean_menu_typo_font_size_mobile":0,"ocean_menu_typo_font_size_unit":"px","ocean_menu_typo_font_weight":"","ocean_menu_typo_font_weight_tablet":"","ocean_menu_typo_font_weight_mobile":"","ocean_menu_typo_transform":"","ocean_menu_typo_transform_tablet":"","ocean_menu_typo_transform_mobile":"","ocean_menu_typo_line_height":0,"ocean_menu_typo_line_height_tablet":0,"ocean_menu_typo_line_height_mobile":0,"ocean_menu_typo_line_height_unit":"","ocean_menu_typo_spacing":0,"ocean_menu_typo_spacing_tablet":0,"ocean_menu_typo_spacing_mobile":0,"ocean_menu_typo_spacing_unit":"","ocean_menu_link_color":"","ocean_menu_link_color_hover":"","ocean_menu_link_color_active":"","ocean_menu_link_background":"","ocean_menu_link_hover_background":"","ocean_menu_link_active_background":"","ocean_menu_social_links_bg":"","ocean_menu_social_hover_links_bg":"","ocean_menu_social_links_color":"","ocean_menu_social_hover_links_color":"","ocean_disable_title":"default","ocean_disable_heading":"default","ocean_post_title":"","ocean_post_subheading":"","ocean_post_title_style":"","ocean_post_title_background_color":"","ocean_post_title_background":0,"ocean_post_title_bg_image_position":"","ocean_post_title_bg_image_attachment":"","ocean_post_title_bg_image_repeat":"","ocean_post_title_bg_image_size":"","ocean_post_title_height":0,"ocean_post_title_bg_overlay":0.5,"ocean_post_title_bg_overlay_color":"","ocean_disable_breadcrumbs":"default","ocean_breadcrumbs_color":"","ocean_breadcrumbs_separator_color":"","ocean_breadcrumbs_links_color":"","ocean_breadcrumbs_links_hover_color":"","ocean_display_footer_widgets":"default","ocean_display_footer_bottom":"default","ocean_custom_footer_template":"0","_joinchat":[],"ocean_post_oembed":"","ocean_post_self_hosted_media":"","ocean_post_video_embed":"","ocean_link_format":"","ocean_link_format_target":"self","ocean_quote_format":"","ocean_quote_format_link":"post","ocean_gallery_link_images":"off","ocean_gallery_id":[],"footnotes":""},"categories":[7],"tags":[],"class_list":["post-405","post","type-post","status-publish","format-standard","has-post-thumbnail","hentry","category-pos-graduacao","entry","has-media"],"_links":{"self":[{"href":"https:\/\/faci.edu.br\/faci\/wp-json\/wp\/v2\/posts\/405","targetHints":{"allow":["GET"]}}],"collection":[{"href":"https:\/\/faci.edu.br\/faci\/wp-json\/wp\/v2\/posts"}],"about":[{"href":"https:\/\/faci.edu.br\/faci\/wp-json\/wp\/v2\/types\/post"}],"author":[{"embeddable":true,"href":"https:\/\/faci.edu.br\/faci\/wp-json\/wp\/v2\/users\/1"}],"replies":[{"embeddable":true,"href":"https:\/\/faci.edu.br\/faci\/wp-json\/wp\/v2\/comments?post=405"}],"version-history":[{"count":0,"href":"https:\/\/faci.edu.br\/faci\/wp-json\/wp\/v2\/posts\/405\/revisions"}],"wp:featuredmedia":[{"embeddable":true,"href":"https:\/\/faci.edu.br\/faci\/wp-json\/wp\/v2\/media\/411"}],"wp:attachment":[{"href":"https:\/\/faci.edu.br\/faci\/wp-json\/wp\/v2\/media?parent=405"}],"wp:term":[{"taxonomy":"category","embeddable":true,"href":"https:\/\/faci.edu.br\/faci\/wp-json\/wp\/v2\/categories?post=405"},{"taxonomy":"post_tag","embeddable":true,"href":"https:\/\/faci.edu.br\/faci\/wp-json\/wp\/v2\/tags?post=405"}],"curies":[{"name":"wp","href":"https:\/\/api.w.org\/{rel}","templated":true}]}}